{"id":408,"date":"2025-05-14T11:03:29","date_gmt":"2025-05-14T09:03:29","guid":{"rendered":"https:\/\/oasismixcite.net\/?p=408"},"modified":"2025-05-14T11:03:29","modified_gmt":"2025-05-14T09:03:29","slug":"ateliers-pedagogiques","status":"publish","type":"post","link":"https:\/\/oasismixcite.net\/index.php\/2025\/05\/14\/ateliers-pedagogiques\/","title":{"rendered":"Ateliers p\u00e9dagogiques"},"content":{"rendered":"\n<figure class=\"wp-block-image size-full\"><img loading=\"lazy\" decoding=\"async\" width=\"850\" height=\"478\" src=\"https:\/\/oasismixcite.net\/wp-content\/uploads\/2025\/05\/atelier-CM2-130525.jpg\" alt=\"\" class=\"wp-image-409\" srcset=\"https:\/\/oasismixcite.net\/wp-content\/uploads\/2025\/05\/atelier-CM2-130525.jpg 850w, https:\/\/oasismixcite.net\/wp-content\/uploads\/2025\/05\/atelier-CM2-130525-300x169.jpg 300w, https:\/\/oasismixcite.net\/wp-content\/uploads\/2025\/05\/atelier-CM2-130525-768x432.jpg 768w\" sizes=\"auto, (max-width: 850px) 100vw, 850px\" \/><\/figure>\n\n\n\n<p>Cette semaine (du 12 au 15 mai) nous animons des ateliers pour 5 classes de CE2 et de CM2 de l&#8217;Ecole primaire Anatole France B, voisine du jardin.<\/p>\n\n\n\n<p>Chaque classe a eu droit \u00e0 une br\u00e8ve pr\u00e9sentation des cultures dans les jardini\u00e8res puis une succession de 3 mini-ateliers : initiation au compost, semis de radis et d\u00e9couverte des petites b\u00eates du jardin, attrap\u00e9es avec soin et observ\u00e9es \u00e0 l&#8217;aide de bo\u00eetes loupe.<\/p>\n\n\n\n<p>Chaque enfant est reparti avec un godet avec ses semis de radis, sa fiche d&#8217;observation des petites b\u00eates, un petit papier avec le programme de nos prochaines ouvertures&#8230; et le sourire !<\/p>\n","protected":false},"excerpt":{"rendered":"<p>Cette semaine (du 12 au 15 mai) nous animons des ateliers pour 5 classes de CE2 et de CM2 de l&#8217;Ecole primaire Anatole France B, voisine du jardin. Chaque classe a eu droit \u00e0 une br\u00e8ve pr\u00e9sentation des cultures dans les jardini\u00e8res puis une succession de 3 mini-ateliers : initiation au compost, semis de radis [&hellip;]<\/p>\n","protected":false},"author":1,"featured_media":0,"comment_status":"closed","ping_status":"open","sticky":false,"template":"","format":"standard","meta":{"footnotes":""},"categories":[5],"tags":[],"class_list":["post-408","post","type-post","status-publish","format-standard","hentry","category-nouvelles"],"_links":{"self":[{"href":"https:\/\/oasismixcite.net\/index.php\/wp-json\/wp\/v2\/posts\/408","targetHints":{"allow":["GET"]}}],"collection":[{"href":"https:\/\/oasismixcite.net\/index.php\/wp-json\/wp\/v2\/posts"}],"about":[{"href":"https:\/\/oasismixcite.net\/index.php\/wp-json\/wp\/v2\/types\/post"}],"author":[{"embeddable":true,"href":"https:\/\/oasismixcite.net\/index.php\/wp-json\/wp\/v2\/users\/1"}],"replies":[{"embeddable":true,"href":"https:\/\/oasismixcite.net\/index.php\/wp-json\/wp\/v2\/comments?post=408"}],"version-history":[{"count":1,"href":"https:\/\/oasismixcite.net\/index.php\/wp-json\/wp\/v2\/posts\/408\/revisions"}],"predecessor-version":[{"id":410,"href":"https:\/\/oasismixcite.net\/index.php\/wp-json\/wp\/v2\/posts\/408\/revisions\/410"}],"wp:attachment":[{"href":"https:\/\/oasismixcite.net\/index.php\/wp-json\/wp\/v2\/media?parent=408"}],"wp:term":[{"taxonomy":"category","embeddable":true,"href":"https:\/\/oasismixcite.net\/index.php\/wp-json\/wp\/v2\/categories?post=408"},{"taxonomy":"post_tag","embeddable":true,"href":"https:\/\/oasismixcite.net\/index.php\/wp-json\/wp\/v2\/tags?post=408"}],"curies":[{"name":"wp","href":"https:\/\/api.w.org\/{rel}","templated":true}]}}