{"id":421,"date":"2025-05-30T11:42:36","date_gmt":"2025-05-30T09:42:36","guid":{"rendered":"https:\/\/oasismixcite.net\/?p=421"},"modified":"2025-05-30T11:42:46","modified_gmt":"2025-05-30T09:42:46","slug":"en-mai-fais-le-potager-qui-te-plait","status":"publish","type":"post","link":"https:\/\/oasismixcite.net\/index.php\/2025\/05\/30\/en-mai-fais-le-potager-qui-te-plait\/","title":{"rendered":"En mai, fais le potager qui te plait !"},"content":{"rendered":"\n<p>Aux deux ouvertures de mai, les plants du potager ont trouv\u00e9 leur place au jardin participatif du Bois l&#8217;Abb\u00e9 : fraisiers, tomates (10 vari\u00e9t\u00e9s, de tailles et de couleurs diff\u00e9rentes), courgettes (vertes et jaunes), betteraves (roses et blanches), concombres, courges, radis, basilic et persil. Des fleurs ont \u00e9t\u00e9 install\u00e9es un peu partout dans les bacs et aussi dans un bac qui leur est r\u00e9serv\u00e9.<\/p>\n\n\n\n<figure class=\"wp-block-image size-large\"><img loading=\"lazy\" decoding=\"async\" width=\"1024\" height=\"200\" src=\"https:\/\/oasismixcite.net\/wp-content\/uploads\/2025\/05\/mai-au-jardin-1024x200.png\" alt=\"\" class=\"wp-image-422\" srcset=\"https:\/\/oasismixcite.net\/wp-content\/uploads\/2025\/05\/mai-au-jardin-1024x200.png 1024w, https:\/\/oasismixcite.net\/wp-content\/uploads\/2025\/05\/mai-au-jardin-300x58.png 300w, https:\/\/oasismixcite.net\/wp-content\/uploads\/2025\/05\/mai-au-jardin-768x150.png 768w, https:\/\/oasismixcite.net\/wp-content\/uploads\/2025\/05\/mai-au-jardin-1200x234.png 1200w, https:\/\/oasismixcite.net\/wp-content\/uploads\/2025\/05\/mai-au-jardin.png 1237w\" sizes=\"auto, (max-width: 1024px) 100vw, 1024px\" \/><\/figure>\n\n\n\n<p>Premi\u00e8re r\u00e9colte de l&#8217;ann\u00e9e le 10 mai : 8 laitues ont \u00e9t\u00e9 distribu\u00e9es aux jardiniers qui ont particip\u00e9 aux plantations.<\/p>\n\n\n\n<p>Le 24 mai, Marie, habitu\u00e9e de nos ouvertures, nous a fait la visite du jardin partag\u00e9 voisin (chez I3F), situ\u00e9 \u00e0 quelques dizaines de m\u00e8tres \u00e0 vol d&#8217;oiseau, o\u00f9 elle dispose d&#8217;une parcelle individuelle. <\/p>\n\n\n\n<p><\/p>\n","protected":false},"excerpt":{"rendered":"<p>Aux deux ouvertures de mai, les plants du potager ont trouv\u00e9 leur place au jardin participatif du Bois l&#8217;Abb\u00e9 : fraisiers, tomates (10 vari\u00e9t\u00e9s, de tailles et de couleurs diff\u00e9rentes), courgettes (vertes et jaunes), betteraves (roses et blanches), concombres, courges, radis, basilic et persil. Des fleurs ont \u00e9t\u00e9 install\u00e9es un peu partout dans les bacs [&hellip;]<\/p>\n","protected":false},"author":1,"featured_media":0,"comment_status":"closed","ping_status":"open","sticky":false,"template":"","format":"standard","meta":{"footnotes":""},"categories":[5],"tags":[],"class_list":["post-421","post","type-post","status-publish","format-standard","hentry","category-nouvelles"],"_links":{"self":[{"href":"https:\/\/oasismixcite.net\/index.php\/wp-json\/wp\/v2\/posts\/421","targetHints":{"allow":["GET"]}}],"collection":[{"href":"https:\/\/oasismixcite.net\/index.php\/wp-json\/wp\/v2\/posts"}],"about":[{"href":"https:\/\/oasismixcite.net\/index.php\/wp-json\/wp\/v2\/types\/post"}],"author":[{"embeddable":true,"href":"https:\/\/oasismixcite.net\/index.php\/wp-json\/wp\/v2\/users\/1"}],"replies":[{"embeddable":true,"href":"https:\/\/oasismixcite.net\/index.php\/wp-json\/wp\/v2\/comments?post=421"}],"version-history":[{"count":1,"href":"https:\/\/oasismixcite.net\/index.php\/wp-json\/wp\/v2\/posts\/421\/revisions"}],"predecessor-version":[{"id":423,"href":"https:\/\/oasismixcite.net\/index.php\/wp-json\/wp\/v2\/posts\/421\/revisions\/423"}],"wp:attachment":[{"href":"https:\/\/oasismixcite.net\/index.php\/wp-json\/wp\/v2\/media?parent=421"}],"wp:term":[{"taxonomy":"category","embeddable":true,"href":"https:\/\/oasismixcite.net\/index.php\/wp-json\/wp\/v2\/categories?post=421"},{"taxonomy":"post_tag","embeddable":true,"href":"https:\/\/oasismixcite.net\/index.php\/wp-json\/wp\/v2\/tags?post=421"}],"curies":[{"name":"wp","href":"https:\/\/api.w.org\/{rel}","templated":true}]}}